{"id":35785,"date":"2025-02-28T08:30:00","date_gmt":"2025-02-28T07:30:00","guid":{"rendered":"https:\/\/fos.consulting\/blog\/2025\/02\/28\/tita-de-buenos-aires-cumple-cuatro-anos-en-espana\/"},"modified":"2025-02-28T08:30:00","modified_gmt":"2025-02-28T07:30:00","slug":"tita-de-buenos-aires-cumple-cuatro-anos-en-espana","status":"publish","type":"post","link":"https:\/\/fos.consulting\/ar\/blog\/2025\/02\/28\/tita-de-buenos-aires-cumple-cuatro-anos-en-espana\/","title":{"rendered":"\u062a\u064a\u062a\u0627 \u062f\u064a \u0628\u0648\u064a\u0646\u0633 \u0622\u064a\u0631\u0633 \u062a\u062d\u062a\u0641\u0644 \u0628\u0645\u0631\u0648\u0631 \u0623\u0631\u0628\u0639 \u0633\u0646\u0648\u0627\u062a \u0639\u0644\u0649 \u0648\u062c\u0648\u062f\u0647\u0627 \u0641\u064a \u0625\u0633\u0628\u0627\u0646\u064a\u0627"},"content":{"rendered":"<p>La cadena de tiendas argentinas Tita de Buenos Aires cumple este mes de marzo sus primeros cuatro a\u00f1os en Espa\u00f1a, desde aquel primer local que inauguraron en la avenida Men\u00e9ndez Pelayo, 17 (Madrid) junto al Parque de El Retiro.\u00a0<\/p>","protected":false},"excerpt":{"rendered":"<p>La cadena de tiendas argentinas Tita de Buenos Aires cumple este mes de marzo sus primeros cuatro a\u00f1os en Espa\u00f1a, desde aquel primer local que&#8230;<\/p>","protected":false},"author":0,"featured_media":35786,"comment_status":"","ping_status":"closed","sticky":false,"template":"","format":"standard","meta":{"_jetpack_memberships_contains_paid_content":false,"footnotes":""},"categories":[173],"tags":[],"class_list":{"0":"post-35785","1":"post","2":"type-post","3":"status-publish","4":"format-standard","5":"has-post-thumbnail","7":"category-noticias"},"jetpack_featured_media_url":"https:\/\/fos.consulting\/wp-content\/uploads\/2025\/02\/7209924-XMBf62-png.avif","jetpack_sharing_enabled":true,"jetpack-related-posts":[],"jetpack_shortlink":"https:\/\/wp.me\/pfY7gm-9jb","_links":{"self":[{"href":"https:\/\/fos.consulting\/ar\/wp-json\/wp\/v2\/posts\/35785","targetHints":{"allow":["GET"]}}],"collection":[{"href":"https:\/\/fos.consulting\/ar\/wp-json\/wp\/v2\/posts"}],"about":[{"href":"https:\/\/fos.consulting\/ar\/wp-json\/wp\/v2\/types\/post"}],"replies":[{"embeddable":true,"href":"https:\/\/fos.consulting\/ar\/wp-json\/wp\/v2\/comments?post=35785"}],"version-history":[{"count":0,"href":"https:\/\/fos.consulting\/ar\/wp-json\/wp\/v2\/posts\/35785\/revisions"}],"wp:featuredmedia":[{"embeddable":true,"href":"https:\/\/fos.consulting\/ar\/wp-json\/wp\/v2\/media\/35786"}],"wp:attachment":[{"href":"https:\/\/fos.consulting\/ar\/wp-json\/wp\/v2\/media?parent=35785"}],"wp:term":[{"taxonomy":"category","embeddable":true,"href":"https:\/\/fos.consulting\/ar\/wp-json\/wp\/v2\/categories?post=35785"},{"taxonomy":"post_tag","embeddable":true,"href":"https:\/\/fos.consulting\/ar\/wp-json\/wp\/v2\/tags?post=35785"}],"curies":[{"name":"wp","href":"https:\/\/api.w.org\/{rel}","templated":true}]}}