{"id":48025,"date":"2026-03-26T08:15:45","date_gmt":"2026-03-26T07:15:45","guid":{"rendered":"https:\/\/fos.consulting\/blog\/2026\/03\/26\/apluma-apuesta-por-les-corts-con-la-apertura-de-un-nuevo-local\/"},"modified":"2026-03-26T08:15:45","modified_gmt":"2026-03-26T07:15:45","slug":"apluma-apuesta-por-les-corts-con-la-apertura-de-un-nuevo-local","status":"publish","type":"post","link":"https:\/\/fos.consulting\/ar\/blog\/2026\/03\/26\/apluma-apuesta-por-les-corts-con-la-apertura-de-un-nuevo-local\/","title":{"rendered":"Apluma apuesta por Les Corts con la apertura de un nuevo local"},"content":{"rendered":"<p>Bajo el lema \u201cDonde hay Apluma, hay recuerdos\u201d, el asador Apluma inaugura un nuevo restaurante en Les Corts, uno de los barrios m\u00e1s familiares de Barcelona. Fiel a su esencia y apelando a la nostalgia, la marca contin\u00faa reivindicando el sabor aut\u00e9ntico del pollo asado de toda la vida.<\/p>","protected":false},"excerpt":{"rendered":"<p>Bajo el lema \u201cDonde hay Apluma, hay recuerdos\u201d, el asador Apluma inaugura un nuevo restaurante en Les Corts, uno de los barrios m\u00e1s familiares de&#8230;<\/p>","protected":false},"author":1,"featured_media":48026,"comment_status":"","ping_status":"closed","sticky":false,"template":"","format":"standard","meta":{"_jetpack_memberships_contains_paid_content":false,"footnotes":""},"categories":[173],"tags":[],"class_list":{"0":"post-48025","1":"post","2":"type-post","3":"status-publish","4":"format-standard","5":"has-post-thumbnail","7":"category-noticias"},"jetpack_featured_media_url":"https:\/\/fos.consulting\/wp-content\/uploads\/2026\/03\/7908008-8X7zUS.avif","jetpack_sharing_enabled":true,"jetpack-related-posts":[],"jetpack_shortlink":"https:\/\/wp.me\/pfY7gm-cuB","_links":{"self":[{"href":"https:\/\/fos.consulting\/ar\/wp-json\/wp\/v2\/posts\/48025","targetHints":{"allow":["GET"]}}],"collection":[{"href":"https:\/\/fos.consulting\/ar\/wp-json\/wp\/v2\/posts"}],"about":[{"href":"https:\/\/fos.consulting\/ar\/wp-json\/wp\/v2\/types\/post"}],"author":[{"embeddable":true,"href":"https:\/\/fos.consulting\/ar\/wp-json\/wp\/v2\/users\/1"}],"replies":[{"embeddable":true,"href":"https:\/\/fos.consulting\/ar\/wp-json\/wp\/v2\/comments?post=48025"}],"version-history":[{"count":0,"href":"https:\/\/fos.consulting\/ar\/wp-json\/wp\/v2\/posts\/48025\/revisions"}],"wp:featuredmedia":[{"embeddable":true,"href":"https:\/\/fos.consulting\/ar\/wp-json\/wp\/v2\/media\/48026"}],"wp:attachment":[{"href":"https:\/\/fos.consulting\/ar\/wp-json\/wp\/v2\/media?parent=48025"}],"wp:term":[{"taxonomy":"category","embeddable":true,"href":"https:\/\/fos.consulting\/ar\/wp-json\/wp\/v2\/categories?post=48025"},{"taxonomy":"post_tag","embeddable":true,"href":"https:\/\/fos.consulting\/ar\/wp-json\/wp\/v2\/tags?post=48025"}],"curies":[{"name":"wp","href":"https:\/\/api.w.org\/{rel}","templated":true}]}}