{"id":48029,"date":"2026-03-26T07:45:46","date_gmt":"2026-03-26T06:45:46","guid":{"rendered":"https:\/\/fos.consulting\/blog\/2026\/03\/26\/telepizza-reabre-en-sanlucar-la-mayor\/"},"modified":"2026-03-26T07:45:46","modified_gmt":"2026-03-26T06:45:46","slug":"telepizza-reabre-en-sanlucar-la-mayor","status":"publish","type":"post","link":"https:\/\/fos.consulting\/ar\/blog\/2026\/03\/26\/telepizza-reabre-en-sanlucar-la-mayor\/","title":{"rendered":"Telepizza reabre en Sanl\u00facar la Mayor"},"content":{"rendered":"<p>Telepizza reabre en Sanl\u00facar la Mayor con un nuevo restaurante situado en Avenida Presidente Adolfo Su\u00e1rez 17.<\/p>","protected":false},"excerpt":{"rendered":"<p>Telepizza reabre en Sanl\u00facar la Mayor con un nuevo restaurante situado en Avenida Presidente Adolfo Su\u00e1rez 17.<\/p>","protected":false},"author":1,"featured_media":48030,"comment_status":"","ping_status":"closed","sticky":false,"template":"","format":"standard","meta":{"_jetpack_memberships_contains_paid_content":false,"footnotes":""},"categories":[173],"tags":[],"class_list":{"0":"post-48029","1":"post","2":"type-post","3":"status-publish","4":"format-standard","5":"has-post-thumbnail","7":"category-noticias"},"jetpack_featured_media_url":"https:\/\/fos.consulting\/wp-content\/uploads\/2026\/03\/7908836-QOfk1S.avif","jetpack_sharing_enabled":true,"jetpack-related-posts":[],"jetpack_shortlink":"https:\/\/wp.me\/pfY7gm-cuF","_links":{"self":[{"href":"https:\/\/fos.consulting\/ar\/wp-json\/wp\/v2\/posts\/48029","targetHints":{"allow":["GET"]}}],"collection":[{"href":"https:\/\/fos.consulting\/ar\/wp-json\/wp\/v2\/posts"}],"about":[{"href":"https:\/\/fos.consulting\/ar\/wp-json\/wp\/v2\/types\/post"}],"author":[{"embeddable":true,"href":"https:\/\/fos.consulting\/ar\/wp-json\/wp\/v2\/users\/1"}],"replies":[{"embeddable":true,"href":"https:\/\/fos.consulting\/ar\/wp-json\/wp\/v2\/comments?post=48029"}],"version-history":[{"count":0,"href":"https:\/\/fos.consulting\/ar\/wp-json\/wp\/v2\/posts\/48029\/revisions"}],"wp:featuredmedia":[{"embeddable":true,"href":"https:\/\/fos.consulting\/ar\/wp-json\/wp\/v2\/media\/48030"}],"wp:attachment":[{"href":"https:\/\/fos.consulting\/ar\/wp-json\/wp\/v2\/media?parent=48029"}],"wp:term":[{"taxonomy":"category","embeddable":true,"href":"https:\/\/fos.consulting\/ar\/wp-json\/wp\/v2\/categories?post=48029"},{"taxonomy":"post_tag","embeddable":true,"href":"https:\/\/fos.consulting\/ar\/wp-json\/wp\/v2\/tags?post=48029"}],"curies":[{"name":"wp","href":"https:\/\/api.w.org\/{rel}","templated":true}]}}