{"id":48189,"date":"2026-03-30T07:00:00","date_gmt":"2026-03-30T06:00:00","guid":{"rendered":"https:\/\/fos.consulting\/blog\/2026\/03\/30\/paula-gutierrez-se-proclama-ganadora-del-concurso-cocinero-del-ano-2026\/"},"modified":"2026-03-30T07:00:00","modified_gmt":"2026-03-30T06:00:00","slug":"paula-gutierrez-se-proclama-ganadora-del-concurso-cocinero-del-ano-2026","status":"publish","type":"post","link":"https:\/\/fos.consulting\/ar\/blog\/2026\/03\/30\/paula-gutierrez-se-proclama-ganadora-del-concurso-cocinero-del-ano-2026\/","title":{"rendered":"Paula Guti\u00e9rrez se proclama ganadora del Concurso Cocinero del A\u00f1o 2026"},"content":{"rendered":"<p>La Gran Final del Concurso Cocinero y Camarero del A\u00f1o 2025-2026 ha convertido el jueves 26 de marzo el espacio The Horeca Hub de Alimentaria+Hostelco en el punto de encuentro de la gastronom\u00eda nacional, reuniendo a talentos del pa\u00eds en una jornada decisiva marcada por el nivel y la m\u00e1xima exigencia profesional.\u00a0<\/p>","protected":false},"excerpt":{"rendered":"<p>La Gran Final del Concurso Cocinero y Camarero del A\u00f1o 2025-2026 ha convertido el jueves 26 de marzo el espacio The Horeca Hub de Alimentaria+Hostelco&#8230;<\/p>","protected":false},"author":1,"featured_media":48190,"comment_status":"","ping_status":"closed","sticky":false,"template":"","format":"standard","meta":{"_jetpack_memberships_contains_paid_content":false,"footnotes":""},"categories":[173],"tags":[],"class_list":{"0":"post-48189","1":"post","2":"type-post","3":"status-publish","4":"format-standard","5":"has-post-thumbnail","7":"category-noticias"},"jetpack_featured_media_url":"https:\/\/fos.consulting\/wp-content\/uploads\/2026\/03\/7914413-hNnsrj.avif","jetpack_sharing_enabled":true,"jetpack-related-posts":[],"jetpack_shortlink":"https:\/\/wp.me\/pfY7gm-cxf","_links":{"self":[{"href":"https:\/\/fos.consulting\/ar\/wp-json\/wp\/v2\/posts\/48189","targetHints":{"allow":["GET"]}}],"collection":[{"href":"https:\/\/fos.consulting\/ar\/wp-json\/wp\/v2\/posts"}],"about":[{"href":"https:\/\/fos.consulting\/ar\/wp-json\/wp\/v2\/types\/post"}],"author":[{"embeddable":true,"href":"https:\/\/fos.consulting\/ar\/wp-json\/wp\/v2\/users\/1"}],"replies":[{"embeddable":true,"href":"https:\/\/fos.consulting\/ar\/wp-json\/wp\/v2\/comments?post=48189"}],"version-history":[{"count":0,"href":"https:\/\/fos.consulting\/ar\/wp-json\/wp\/v2\/posts\/48189\/revisions"}],"wp:featuredmedia":[{"embeddable":true,"href":"https:\/\/fos.consulting\/ar\/wp-json\/wp\/v2\/media\/48190"}],"wp:attachment":[{"href":"https:\/\/fos.consulting\/ar\/wp-json\/wp\/v2\/media?parent=48189"}],"wp:term":[{"taxonomy":"category","embeddable":true,"href":"https:\/\/fos.consulting\/ar\/wp-json\/wp\/v2\/categories?post=48189"},{"taxonomy":"post_tag","embeddable":true,"href":"https:\/\/fos.consulting\/ar\/wp-json\/wp\/v2\/tags?post=48189"}],"curies":[{"name":"wp","href":"https:\/\/api.w.org\/{rel}","templated":true}]}}