{"id":49219,"date":"2026-04-29T07:45:00","date_gmt":"2026-04-29T06:45:00","guid":{"rendered":"https:\/\/fos.consulting\/blog\/2026\/04\/29\/casa-felisa-inicia-una-nueva-etapa-con-rafael-cordon-al-frente-de-su-cocina\/"},"modified":"2026-04-29T07:45:00","modified_gmt":"2026-04-29T06:45:00","slug":"casa-felisa-inicia-una-nueva-etapa-con-rafael-cordon-al-frente-de-su-cocina","status":"publish","type":"post","link":"https:\/\/fos.consulting\/ar\/blog\/2026\/04\/29\/casa-felisa-inicia-una-nueva-etapa-con-rafael-cordon-al-frente-de-su-cocina\/","title":{"rendered":"Casa Felisa inicia una nueva etapa con Rafael Cord\u00f3n al frente de su cocina"},"content":{"rendered":"<p>Rafael Cord\u00f3n, el nuevo chef de Casa Felisa, se incorpora al proyecto a sus 45 a\u00f1os. Tras una trayectoria que le ha llevado por cocinas dentro y fuera de Espa\u00f1a, el chef asume este nuevo reto con una idea clara: dar continuidad a una forma de cocinar que reconoce como propia.<\/p>","protected":false},"excerpt":{"rendered":"<p>Rafael Cord\u00f3n, el nuevo chef de Casa Felisa, se incorpora al proyecto a sus 45 a\u00f1os. Tras una trayectoria que le ha llevado por cocinas&#8230;<\/p>","protected":false},"author":1,"featured_media":49220,"comment_status":"","ping_status":"closed","sticky":false,"template":"","format":"standard","meta":{"_jetpack_memberships_contains_paid_content":false,"footnotes":""},"categories":[173],"tags":[],"class_list":{"0":"post-49219","1":"post","2":"type-post","3":"status-publish","4":"format-standard","5":"has-post-thumbnail","7":"category-noticias"},"jetpack_featured_media_url":"https:\/\/fos.consulting\/wp-content\/uploads\/2026\/04\/7952939-nWqmdN.avif","jetpack_sharing_enabled":true,"jetpack-related-posts":[],"jetpack_shortlink":"https:\/\/wp.me\/pfY7gm-cNR","_links":{"self":[{"href":"https:\/\/fos.consulting\/ar\/wp-json\/wp\/v2\/posts\/49219","targetHints":{"allow":["GET"]}}],"collection":[{"href":"https:\/\/fos.consulting\/ar\/wp-json\/wp\/v2\/posts"}],"about":[{"href":"https:\/\/fos.consulting\/ar\/wp-json\/wp\/v2\/types\/post"}],"author":[{"embeddable":true,"href":"https:\/\/fos.consulting\/ar\/wp-json\/wp\/v2\/users\/1"}],"replies":[{"embeddable":true,"href":"https:\/\/fos.consulting\/ar\/wp-json\/wp\/v2\/comments?post=49219"}],"version-history":[{"count":0,"href":"https:\/\/fos.consulting\/ar\/wp-json\/wp\/v2\/posts\/49219\/revisions"}],"wp:featuredmedia":[{"embeddable":true,"href":"https:\/\/fos.consulting\/ar\/wp-json\/wp\/v2\/media\/49220"}],"wp:attachment":[{"href":"https:\/\/fos.consulting\/ar\/wp-json\/wp\/v2\/media?parent=49219"}],"wp:term":[{"taxonomy":"category","embeddable":true,"href":"https:\/\/fos.consulting\/ar\/wp-json\/wp\/v2\/categories?post=49219"},{"taxonomy":"post_tag","embeddable":true,"href":"https:\/\/fos.consulting\/ar\/wp-json\/wp\/v2\/tags?post=49219"}],"curies":[{"name":"wp","href":"https:\/\/api.w.org\/{rel}","templated":true}]}}