{"id":7567,"date":"2021-02-17T09:00:00","date_gmt":"2021-02-17T08:00:00","guid":{"rendered":"https:\/\/fos.consulting\/primera-cafeteria-pan-delirio-instalada-en-el-nuevo-gourmet-experience-de-el-corte-ingles\/"},"modified":"2021-02-17T09:00:00","modified_gmt":"2021-02-17T08:00:00","slug":"primera-cafeteria-pan-delirio-instalada-en-el-nuevo-gourmet-experience-de-el-corte-ingles","status":"publish","type":"post","link":"https:\/\/fos.consulting\/ar\/blog\/2021\/02\/17\/primera-cafeteria-pan-delirio-instalada-en-el-nuevo-gourmet-experience-de-el-corte-ingles\/","title":{"rendered":"\u062a\u0645 \u062a\u0631\u0643\u064a\u0628 \u0623\u0648\u0644 \u0643\u0627\u0641\u062a\u064a\u0631\u064a\u0627 Pan.Delirio \u0641\u064a \u062a\u062c\u0631\u0628\u0629 \u0627\u0644\u0630\u0648\u0627\u0642\u0629 \u0627\u0644\u062c\u062f\u064a\u062f\u0629 \u0641\u064a El Corte Ingl\u00e9s"},"content":{"rendered":"<p><strong>Con m\u00e1s de 2.000 metros cuadrados<\/strong>, el nuevo espacio <strong>Gourmet Experience de El Corte Ingl\u00e9s de Castellana pretende agrupar en un futuro algunas de las m\u00e1s importantes referencias en restauraci\u00f3n<\/strong>. Un contexto al que sus responsables quisieron <strong>sumarle el obrador artesanal de Madrid Pan.Delirio<\/strong>\u00a0al complejo. Sus propietarios, Javier Cocheteux padre e hijo, han ampliado su concepto original, <strong>abriendo por primera vez una cafeter\u00eda<\/strong> que llevar\u00e1 el signo de calidad que los caracteriza.<\/p>\n<p class=\"p_middle_title p_important_right\">Tiene capacidad para 32 comensales y en su carta incorpora tostas y sandwiches a las demandadas elaboraciones del obrador<\/p>\n<p><strong>Se trata de un espacio \u2013con capacidad para 16 pax en interior y otras 16 en la terraza\u2013<\/strong>, en el que sentarse a disfrutar de todas las elaboraciones en panes, boller\u00eda y pasteler\u00eda que ofrecen en sus obradores de Juan Bravo 21 y Profesor Waksman 8, sobre todo una porci\u00f3n de su archiconocido Rosc\u00f3n de Reyes, disponible todo el a\u00f1o, acompa\u00f1ado por un caf\u00e9 o un chocolate a la taza.<\/p>\n<p>En la carta, adem\u00e1s, estrenan una nueva y original oferta de salados, a base de bocadillos, croissants rellenos, quich\u00e9s y tartas saladas individuales. Divertidas creaciones para cualquier hora del d\u00eda.<\/p>","protected":false},"excerpt":{"rendered":"<p>Con m\u00e1s de 2.000 metros cuadrados, el nuevo espacio Gourmet Experience de El Corte Ingl\u00e9s de Castellana pretende agrupar en un futuro algunas de las&#8230;<\/p>","protected":false},"author":1,"featured_media":7568,"comment_status":"","ping_status":"closed","sticky":false,"template":"","format":"standard","meta":{"_jetpack_memberships_contains_paid_content":false,"footnotes":""},"categories":[173],"tags":[],"class_list":{"0":"post-7567","1":"post","2":"type-post","3":"status-publish","4":"format-standard","5":"has-post-thumbnail","7":"category-noticias"},"jetpack_featured_media_url":"https:\/\/i0.wp.com\/fos.consulting\/wp-content\/uploads\/2021\/02\/pan-delirio-eci-low-44309-yEqbzS.jpeg?fit=800%2C500&ssl=1","jetpack_sharing_enabled":true,"jetpack-related-posts":[],"jetpack_shortlink":"https:\/\/wp.me\/pfY7gm-1Y3","_links":{"self":[{"href":"https:\/\/fos.consulting\/ar\/wp-json\/wp\/v2\/posts\/7567","targetHints":{"allow":["GET"]}}],"collection":[{"href":"https:\/\/fos.consulting\/ar\/wp-json\/wp\/v2\/posts"}],"about":[{"href":"https:\/\/fos.consulting\/ar\/wp-json\/wp\/v2\/types\/post"}],"author":[{"embeddable":true,"href":"https:\/\/fos.consulting\/ar\/wp-json\/wp\/v2\/users\/1"}],"replies":[{"embeddable":true,"href":"https:\/\/fos.consulting\/ar\/wp-json\/wp\/v2\/comments?post=7567"}],"version-history":[{"count":0,"href":"https:\/\/fos.consulting\/ar\/wp-json\/wp\/v2\/posts\/7567\/revisions"}],"wp:featuredmedia":[{"embeddable":true,"href":"https:\/\/fos.consulting\/ar\/wp-json\/wp\/v2\/media\/7568"}],"wp:attachment":[{"href":"https:\/\/fos.consulting\/ar\/wp-json\/wp\/v2\/media?parent=7567"}],"wp:term":[{"taxonomy":"category","embeddable":true,"href":"https:\/\/fos.consulting\/ar\/wp-json\/wp\/v2\/categories?post=7567"},{"taxonomy":"post_tag","embeddable":true,"href":"https:\/\/fos.consulting\/ar\/wp-json\/wp\/v2\/tags?post=7567"}],"curies":[{"name":"wp","href":"https:\/\/api.w.org\/{rel}","templated":true}]}}