{"id":49169,"date":"2026-04-28T07:45:00","date_gmt":"2026-04-28T06:45:00","guid":{"rendered":"https:\/\/fos.consulting\/blog\/2026\/04\/28\/andreu-genestra-asume-la-direccion-culinaria-de-la-reserva-rotana\/"},"modified":"2026-04-28T07:45:00","modified_gmt":"2026-04-28T06:45:00","slug":"andreu-genestra-asume-la-direccion-culinaria-de-la-reserva-rotana","status":"publish","type":"post","link":"https:\/\/fos.consulting\/en\/blog\/2026\/04\/28\/andreu-genestra-asume-la-direccion-culinaria-de-la-reserva-rotana\/","title":{"rendered":"Andreu Genestra asume la direcci\u00f3n culinaria de La Reserva Rotana"},"content":{"rendered":"<p>Llegan nuevos tiempos para La Reserva Rotana (Mallorca), el resort de lujo fundado en 1997. Una de las novedades m\u00e1s relevantes, adem\u00e1s de la reforma llevada a cabo tanto en el agroturismo Mayolet \u2013ya abierto-, como en el hotel de 5 estrellas \u2013que ser\u00e1 inaugurado en julio-, es el acuerdo firmado con el chef mallorqu\u00edn Andreu Genestra, quien ha asumido la direcci\u00f3n culinaria de todo el complejo.<\/p>","protected":false},"excerpt":{"rendered":"<p>Llegan nuevos tiempos para La Reserva Rotana (Mallorca), el resort de lujo fundado en 1997. Una de las novedades m\u00e1s relevantes, adem\u00e1s de la reforma&#8230;<\/p>","protected":false},"author":1,"featured_media":49170,"comment_status":"","ping_status":"closed","sticky":false,"template":"","format":"standard","meta":{"_jetpack_memberships_contains_paid_content":false,"footnotes":""},"categories":[173],"tags":[],"class_list":{"0":"post-49169","1":"post","2":"type-post","3":"status-publish","4":"format-standard","5":"has-post-thumbnail","7":"category-noticias"},"jetpack_featured_media_url":"https:\/\/fos.consulting\/wp-content\/uploads\/2026\/04\/7951364-uQiRob.avif","jetpack_sharing_enabled":true,"jetpack-related-posts":[],"jetpack_shortlink":"https:\/\/wp.me\/pfY7gm-cN3","_links":{"self":[{"href":"https:\/\/fos.consulting\/en\/wp-json\/wp\/v2\/posts\/49169","targetHints":{"allow":["GET"]}}],"collection":[{"href":"https:\/\/fos.consulting\/en\/wp-json\/wp\/v2\/posts"}],"about":[{"href":"https:\/\/fos.consulting\/en\/wp-json\/wp\/v2\/types\/post"}],"author":[{"embeddable":true,"href":"https:\/\/fos.consulting\/en\/wp-json\/wp\/v2\/users\/1"}],"replies":[{"embeddable":true,"href":"https:\/\/fos.consulting\/en\/wp-json\/wp\/v2\/comments?post=49169"}],"version-history":[{"count":0,"href":"https:\/\/fos.consulting\/en\/wp-json\/wp\/v2\/posts\/49169\/revisions"}],"wp:featuredmedia":[{"embeddable":true,"href":"https:\/\/fos.consulting\/en\/wp-json\/wp\/v2\/media\/49170"}],"wp:attachment":[{"href":"https:\/\/fos.consulting\/en\/wp-json\/wp\/v2\/media?parent=49169"}],"wp:term":[{"taxonomy":"category","embeddable":true,"href":"https:\/\/fos.consulting\/en\/wp-json\/wp\/v2\/categories?post=49169"},{"taxonomy":"post_tag","embeddable":true,"href":"https:\/\/fos.consulting\/en\/wp-json\/wp\/v2\/tags?post=49169"}],"curies":[{"name":"wp","href":"https:\/\/api.w.org\/{rel}","templated":true}]}}