{"id":8307,"date":"2021-05-11T18:21:00","date_gmt":"2021-05-11T17:21:00","guid":{"rendered":"https:\/\/fos.consulting\/ilunion-hotels-abre-un-hotel-en-san-mames-su-segundo-hotel-en-bilbao\/"},"modified":"2021-05-11T18:21:00","modified_gmt":"2021-05-11T17:21:00","slug":"ilunion-hotels-abre-un-hotel-en-san-mames-su-segundo-hotel-en-bilbao","status":"publish","type":"post","link":"https:\/\/fos.consulting\/en\/blog\/2021\/05\/11\/ilunion-hotels-abre-un-hotel-en-san-mames-su-segundo-hotel-en-bilbao\/","title":{"rendered":"Ilunion Hotels opens a hotel in San Mam\u00e9s, its second hotel in Bilbao"},"content":{"rendered":"<p><strong>Ilunion Hotels<\/strong> inaugurates the hotel <strong>Ilunion San<\/strong> <strong>Mam\u00e9s<\/strong>The new building is located in the Bilbao Intermodal station. The establishment is the first in the community to be managed as a special employment centre, in which more than <strong>85% of workers have a disability of some kind<\/strong>.<\/p>\n<p>With this opening, the hotel chain <strong>strengthens its presence in the Basque Country<\/strong>where it already has two hotels, the Ilunion Bilbao and the Ilunion San Sebastian, the latter already operational after its recent incorporation into the company.<\/p>\n<p>The Ilunion San Mam\u00e9s is an urban hotel of <strong>four stars with 168 rooms<\/strong>Six of which have been designed to be fully accessible for the needs of people with reduced mobility. In addition, its 11 floors have large meeting rooms, a cafeteria, breakfast area, internet access point and different common areas.<\/p>\n<p>Located in one of the <strong>busiest areas of the city,<\/strong> It is close to the main tourist attractions, such as the Guggenheim Museum, Bilbao's Gran V\u00eda and the new San Mam\u00e9s stadium, among others.<\/p>\n<p>For the CEO of Ilunion Hotels, <strong>Jos\u00e9<\/strong> <strong>\u00c1ngel Preciados,<\/strong> This opening is \"great news for our company because it strengthens our position in the Basque Country and because it becomes the first hotel in this autonomous community to be managed as a special employment centre\".<\/p>\n<p>\"This new project in Bilbao responds to our strategic approach. We create quality jobs for people with disabilities and provide the tools and support necessary for our workers to achieve full social and labour inclusion\", says Preciados.<\/p>\n<p class=\"p_middle_title\">Accessible and sustainable<\/p>\n<p>The hotel is equipped with the latest technology to ensure the best possible service. <strong>efficient and sustainable energy consumption<\/strong>. It has LED lighting, presence detectors in communal areas, air-conditioning system without refrigerant gases to avoid emissions into the atmosphere and domestic hot water by aerothermal energy with waste heat recovery system.<\/p>\n<p>The building also has a general control system that warns of any faults in the operation of the equipment and allows for telematic control and revision. In addition, both the fa\u00e7ade and the building envelope are fitted with high-performance rock wool thermal insulation.<\/p>\n<p><strong>Fully accessible for people with disabilities<\/strong>The staircase is equipped with technical aids such as a magnetic loop, wheelchairs for customers who need them, a fire alarm with audible signals, a luminous alarm clock, a counter suitable for serving customers with reduced mobility, adapted furniture, contrasted sections in the staircase areas to make it easier for the visually impaired to find them, etc.<\/p>\n<p>The hotel will be managed by <strong>\u00c1lvaro D\u00edaz Mun\u00edo<\/strong>current director of Ilunion Bilbao. D\u00edaz Mun\u00edo holds a Higher Diploma in Hotel Management and Business Management from the School of Hotel Management in the Biscayan capital and has more than 20 years of experience in the management of tourist accommodation.<\/p>","protected":false},"excerpt":{"rendered":"<p>Ilunion Hotels inaugura el hotel Ilunion San Mam\u00e9s, de nueva construcci\u00f3n y situado en la estaci\u00f3n Bilbao Intermodal. El establecimiento es el primero de la&#8230;<\/p>","protected":false},"author":0,"featured_media":8308,"comment_status":"","ping_status":"closed","sticky":false,"template":"","format":"standard","meta":{"_jetpack_memberships_contains_paid_content":false,"footnotes":""},"categories":[173],"tags":[],"class_list":{"0":"post-8307","1":"post","2":"type-post","3":"status-publish","4":"format-standard","5":"has-post-thumbnail","7":"category-noticias"},"jetpack_featured_media_url":"https:\/\/i0.wp.com\/fos.consulting\/wp-content\/uploads\/2021\/05\/exterior-ilunion-san-mame-s-45214-o4TM49.jpeg?fit=800%2C571&ssl=1","jetpack_sharing_enabled":true,"jetpack-related-posts":[],"jetpack_shortlink":"https:\/\/wp.me\/pfY7gm-29Z","_links":{"self":[{"href":"https:\/\/fos.consulting\/en\/wp-json\/wp\/v2\/posts\/8307","targetHints":{"allow":["GET"]}}],"collection":[{"href":"https:\/\/fos.consulting\/en\/wp-json\/wp\/v2\/posts"}],"about":[{"href":"https:\/\/fos.consulting\/en\/wp-json\/wp\/v2\/types\/post"}],"replies":[{"embeddable":true,"href":"https:\/\/fos.consulting\/en\/wp-json\/wp\/v2\/comments?post=8307"}],"version-history":[{"count":0,"href":"https:\/\/fos.consulting\/en\/wp-json\/wp\/v2\/posts\/8307\/revisions"}],"wp:featuredmedia":[{"embeddable":true,"href":"https:\/\/fos.consulting\/en\/wp-json\/wp\/v2\/media\/8308"}],"wp:attachment":[{"href":"https:\/\/fos.consulting\/en\/wp-json\/wp\/v2\/media?parent=8307"}],"wp:term":[{"taxonomy":"category","embeddable":true,"href":"https:\/\/fos.consulting\/en\/wp-json\/wp\/v2\/categories?post=8307"},{"taxonomy":"post_tag","embeddable":true,"href":"https:\/\/fos.consulting\/en\/wp-json\/wp\/v2\/tags?post=8307"}],"curies":[{"name":"wp","href":"https:\/\/api.w.org\/{rel}","templated":true}]}}